{"id":9060,"date":"2025-12-10T12:14:03","date_gmt":"2025-12-10T11:14:03","guid":{"rendered":"https:\/\/fritzschumacher.de\/gesellschaft\/?p=9060"},"modified":"2026-02-06T14:46:33","modified_gmt":"2026-02-06T13:46:33","slug":"stadtbaukunstdieter-leyssen-annette-gigon","status":"publish","type":"post","link":"https:\/\/fritzschumacher.de\/gesellschaft\/stadtbaukunstdieter-leyssen-annette-gigon\/","title":{"rendered":"StadtBauKunst<br\/>Dieter Leyssen &#038; Annette Gigon"},"content":{"rendered":"<p><span data-contrast=\"none\">Am 10.12.2025 waren Dieter Leyssen von 51N4E, Brussels und Annette Gigon von Gigon Guyer, Zurich im Rahmen der Veranstaltung <i>Building(s) for the Arts<\/i><\/span><span data-contrast=\"none\">\u00a0der Reihe\u00a0<\/span><i><span data-contrast=\"none\">StadtBauKunst<\/span><\/i><span data-contrast=\"none\"> zu Gast. Wir freuen uns, dass dieser Abend im Kunstverein Hamburg (Klosterwall 23) stattfinden durfte.<\/span><span data-ccp-props=\"{}\">\u00a0<\/span><\/p>\n<blockquote><p><span data-contrast=\"none\"><a href=\"https:\/\/51n4e.com\" target=\"_blank\" rel=\"noopener\">&gt;51N4E, Brussels<\/a><\/span><\/p>\n<p><span data-contrast=\"none\"><a href=\"https:\/\/www.instagram.com\/51n4e\/?hl=de\" target=\"_blank\" rel=\"noopener\">&gt;51N4E, Brussels instagram<\/a><\/span><\/p>\n<p><span data-contrast=\"none\"><a href=\"https:\/\/www.gigon-guyer.ch\/de\/\" target=\"_blank\" rel=\"noopener\">&gt;Gigon Guyer, Zurich<\/a><\/span><\/p>\n<p><span data-contrast=\"none\"><a href=\"https:\/\/www.instagram.com\/gigonguyer\/?hl=de\" target=\"_blank\" rel=\"noopener\">&gt;Gigon Guyer, Zurich Instagram<\/a><\/span><\/p><\/blockquote>\n","protected":false},"excerpt":{"rendered":"<p>10.12.2025<br \/>\nBaut(t)en f\u00fcr die Kunst &#8211; am 2. Abend der Reihe StadtBauKunst haben Annette Gigon | Gigon Guyer, Z\u00fcrich und Dieter Leyssen | 51N4E, Br\u00fcssel ihr Werk vorgestellt und reflektiert. Wir freuen uns, dass dieser Abend im Kunsverein Hamburg stattfinden durfte.\u00a0<\/p>\n","protected":false},"author":8,"featured_media":9062,"comment_status":"closed","ping_status":"closed","sticky":false,"template":"","format":"standard","meta":{"_acf_changed":false,"footnotes":""},"categories":[1],"tags":[],"class_list":["post-9060","post","type-post","status-publish","format-standard","has-post-thumbnail","hentry","category-aktuell"],"acf":[],"_links":{"self":[{"href":"https:\/\/fritzschumacher.de\/gesellschaft\/wp-json\/wp\/v2\/posts\/9060","targetHints":{"allow":["GET"]}}],"collection":[{"href":"https:\/\/fritzschumacher.de\/gesellschaft\/wp-json\/wp\/v2\/posts"}],"about":[{"href":"https:\/\/fritzschumacher.de\/gesellschaft\/wp-json\/wp\/v2\/types\/post"}],"author":[{"embeddable":true,"href":"https:\/\/fritzschumacher.de\/gesellschaft\/wp-json\/wp\/v2\/users\/8"}],"replies":[{"embeddable":true,"href":"https:\/\/fritzschumacher.de\/gesellschaft\/wp-json\/wp\/v2\/comments?post=9060"}],"version-history":[{"count":9,"href":"https:\/\/fritzschumacher.de\/gesellschaft\/wp-json\/wp\/v2\/posts\/9060\/revisions"}],"predecessor-version":[{"id":9137,"href":"https:\/\/fritzschumacher.de\/gesellschaft\/wp-json\/wp\/v2\/posts\/9060\/revisions\/9137"}],"wp:featuredmedia":[{"embeddable":true,"href":"https:\/\/fritzschumacher.de\/gesellschaft\/wp-json\/wp\/v2\/media\/9062"}],"wp:attachment":[{"href":"https:\/\/fritzschumacher.de\/gesellschaft\/wp-json\/wp\/v2\/media?parent=9060"}],"wp:term":[{"taxonomy":"category","embeddable":true,"href":"https:\/\/fritzschumacher.de\/gesellschaft\/wp-json\/wp\/v2\/categories?post=9060"},{"taxonomy":"post_tag","embeddable":true,"href":"https:\/\/fritzschumacher.de\/gesellschaft\/wp-json\/wp\/v2\/tags?post=9060"}],"curies":[{"name":"wp","href":"https:\/\/api.w.org\/{rel}","templated":true}]}}