{"id":266,"date":"2017-04-21T12:00:27","date_gmt":"2017-04-21T10:00:27","guid":{"rendered":"http:\/\/fritzschumacher.de\/gesellschaft\/?p=266"},"modified":"2022-11-05T13:45:27","modified_gmt":"2022-11-05T12:45:27","slug":"stammbaum","status":"publish","type":"post","link":"http:\/\/fritzschumacher.de\/gesellschaft\/stammbaum\/","title":{"rendered":"Stammbaum der Familie Fritz Schumacher"},"content":{"rendered":"<p>Stammbaum (Stand: April 2017)<\/p>\n<p><strong>Die Familie Schumacher: Erl\u00e4uterungen zum Stammbaum<\/strong><\/p>\n<p>Die Fritz-Schumacher-Gesellschaft hat vor einiger Zeit aus unterschiedlichen Quellen, insbesondere dem Staatsarchiv Bremen, eine Reihe von Unterlagen erhalten, aus denen die verwandtschaftlichen Verbindungen von Fritz Schumacher ersichtlich sind. Aus diesen Einzelinformationen haben wir das Konzept f\u00fcr einen Stammbaum der Familie Schumacher entwickelt.<br \/>\nDie folgenden Ausf\u00fchrungen enthalten dazu erg\u00e4nzende Informationen, die aus dem Stammbaum allein nicht ersichtlich sind, jedoch hilfreich f\u00fcr das Verst\u00e4ndnis der \u2013 z.T. recht komplizierten \u2013 verwandtschaftlichen Zusammenh\u00e4nge sein k\u00f6nnen.<\/p>\n<p>Fritz Schumacher ist nie verheiratet gewesen. Seine ebenfalls unverheirateten Schwestern Luise (gen. Sita) und Constanze (gen. Conny) haben ihm Jahrzehnte lang, bis zu seinem Tod, den Haushalt gef\u00fchrt.<br \/>\nInteressant f\u00fcr uns ist der Blick auf die T\u00f6chter seines um ein Jahr \u00e4lteren Bruders Hermann, also auf die Nichten von Fritz Schumacher. Die \u00e4ltere Nichte Edith war mit dem durch allerlei spektakul\u00e4re Aktionen in den 1960er Jahren bekannt gewordenen Schriftsteller und Journalisten Erich Kuby verheiratet. Aus einem Brief Schumachers wissen wir, dass dieser Ehe eine \u201elange und qu\u00e4lende Geschichte\u201c voraus gegangen war, da Erich sich \u201eziellos schriftstellerischen und musikalischen Neigungen \u00fcberlassen\u201c hatte.<br \/>\nSchumachers j\u00fcngere Nichte Elisabeth war mit dem Physiker und Nobelpreistr\u00e4ger Werner Heisenberg verheiratet. Mit zwei der insgesamt sieben Kinder aus dieser Ehe haben wir w\u00e4hrend der Erstellung des Stammbaumes Kontakt gehabt: Mit Martin (geb.1940), Schumachers Rechtsnachfolger, und Jochen (geb.1939).<br \/>\nVon Jochen, der in den USA lebt, haben wir eine Liste zu Schumachers Vorfahren erhalten, die bis ins 16. Jahrhundert zur\u00fcck reicht. Sie beginnt mit Gottfried Schumacher, geb.1450; \u00c4ltermann 1520; in den Bremer Senat gew\u00e4hlt 1524, dann aber \u201ewegen Altersschw\u00e4che abgelehnt\u201c. Der letzte Teil der Liste deckt sich mit den Angaben in unserem Stammbaum.<\/p>\n<p>Eine intensive, lang andauernde verwandtschaftliche Verbindung bestand zwischen Fritz Schumacher und der Witwe seines \u201eHalbonkels\u201c Albert Georg, Emmy Schumacher geb. Kottmeier. Albert Georg war der Sohn aus Hermann Alberts zweiter Ehe mit Amalie geb. Brass, w\u00e4hrend Fritz Schumacher, nur f\u00fcnf Jahre j\u00fcnger, ein Enkel ist, der auf die erste Ehe Hermann Alberts mit Johanne geb. Kr\u00fcger zur\u00fcck geht. Dazu liegt uns seit 2015 eine Sammlung von ca. 80 Briefen vor, die Schumacher zwischen 1927 und 1946 an Emmy geschrieben hat. Urspr\u00fcnglich handelte es sich um einen Briefwechsel zwischen den beiden, von dem leider nur Schumachers Briefe erhalten sind. Unser Bremer Mitglied Dagmar L\u00f6bert hat diese Briefe mit erheblichem pers\u00f6nlichen Einsatz editiert, so dass wir heute einen recht guten Einblick in den privaten Alltag Schumachers haben. Besonders eindrucksvoll hat Schumacher darin seine letzten Lebensjahre \u2013 w\u00e4hrend des Krieges und der Nachkriegsjahre \u2013 beschrieben, die f\u00fcr ihn neben den zeitbedingten Belastungen und Einschr\u00e4nkungen durch schwere und schmerzhafte Krankheiten gekennzeichnet sind.<br \/>\nFriedrich, der zweite Sohn aus der Ehe von Albert Georg und Emmy Schumacher und Patenkind von Fritz Schumacher, hat in beruflicher Hinsicht die Familientradition weiter gef\u00fchrt: Er war Architekt und Dombaumeister in Bremen.<\/p>\n","protected":false},"excerpt":{"rendered":"<p>Stammbaum (Stand: April 2017) Die Familie Schumacher: Erl\u00e4uterungen zum Stammbaum Die Fritz-Schumacher-Gesellschaft hat vor einiger Zeit aus unterschiedlichen Quellen, insbesondere dem Staatsarchiv Bremen, eine Reihe von Unterlagen erhalten, aus denen die verwandtschaftlichen Verbindungen von Fritz Schumacher ersichtlich sind. Aus diesen Einzelinformationen haben wir das Konzept f\u00fcr einen Stammbaum der Familie Schumacher entwickelt. Die folgenden Ausf\u00fchrungen&hellip;<\/p>\n","protected":false},"author":2,"featured_media":269,"comment_status":"open","ping_status":"closed","sticky":false,"template":"","format":"standard","meta":{"_acf_changed":false,"footnotes":""},"categories":[31,8],"tags":[3],"class_list":["post-266","post","type-post","status-publish","format-standard","has-post-thumbnail","hentry","category-31","category-noindex","tag-featured_su"],"acf":[],"_links":{"self":[{"href":"http:\/\/fritzschumacher.de\/gesellschaft\/wp-json\/wp\/v2\/posts\/266","targetHints":{"allow":["GET"]}}],"collection":[{"href":"http:\/\/fritzschumacher.de\/gesellschaft\/wp-json\/wp\/v2\/posts"}],"about":[{"href":"http:\/\/fritzschumacher.de\/gesellschaft\/wp-json\/wp\/v2\/types\/post"}],"author":[{"embeddable":true,"href":"http:\/\/fritzschumacher.de\/gesellschaft\/wp-json\/wp\/v2\/users\/2"}],"replies":[{"embeddable":true,"href":"http:\/\/fritzschumacher.de\/gesellschaft\/wp-json\/wp\/v2\/comments?post=266"}],"version-history":[{"count":3,"href":"http:\/\/fritzschumacher.de\/gesellschaft\/wp-json\/wp\/v2\/posts\/266\/revisions"}],"predecessor-version":[{"id":5273,"href":"http:\/\/fritzschumacher.de\/gesellschaft\/wp-json\/wp\/v2\/posts\/266\/revisions\/5273"}],"wp:featuredmedia":[{"embeddable":true,"href":"http:\/\/fritzschumacher.de\/gesellschaft\/wp-json\/wp\/v2\/media\/269"}],"wp:attachment":[{"href":"http:\/\/fritzschumacher.de\/gesellschaft\/wp-json\/wp\/v2\/media?parent=266"}],"wp:term":[{"taxonomy":"category","embeddable":true,"href":"http:\/\/fritzschumacher.de\/gesellschaft\/wp-json\/wp\/v2\/categories?post=266"},{"taxonomy":"post_tag","embeddable":true,"href":"http:\/\/fritzschumacher.de\/gesellschaft\/wp-json\/wp\/v2\/tags?post=266"}],"curies":[{"name":"wp","href":"https:\/\/api.w.org\/{rel}","templated":true}]}}